{"id":113536,"date":"2025-01-19T14:20:54","date_gmt":"2025-01-19T14:20:54","guid":{"rendered":"https:\/\/www.tourismbih.com\/hercegovacki-vikend\/"},"modified":"2025-01-31T13:08:51","modified_gmt":"2025-01-31T13:08:51","slug":"hercegovacki-vikend","status":"publish","type":"post","link":"https:\/\/www.tourismbih.com\/bs-cyrl\/hercegovacki-vikend\/","title":{"rendered":"\u0425e\u0440\u0446e\u0433o\u0432a\u0447k\u0438 \u0432\u0438ke\u043d\u0434"},"content":{"rendered":"<p style=\"text-align: left;\">Kad ljudi putuju generalno imaju samo jedan cilj: \u0161to prije sti\u0107i do destinacije. Li\u010dno mislim da ne bi trebalo biti tako. Ekipa \u2018ficacrew\u2019 je stvorila toliko divnih uspomena samo zato \u0161to nismo vozili autoputem ve\u0107 \u0161to smo se provla\u010dili kroz uske ceste, slu\u0161ali savjete ljudi i vozili se alternativnim cestama.<\/p>\n<p style=\"text-align: left;\">U ovom tekstu \u0107u se potruditi da jednu veoma popularnu rutu izme\u0111u Sarajeva i Mostara (do\u0107i \u0107emo \u010dak do Stoca) za\u010dinim bosanskohercegova\u010dkim ljepotama koje \u010dine putovanja mnogo bogatijim i zanimljivijim.<\/p>\n<p style=\"text-align: left;\">Destinacije koje \u0107emo navesti se nalaze samo nekoliko minuta vo\u017enje van uobi\u010dajne rute, a same od sebe pri\u010daju jednu NEobi\u010dnu pri\u010du.<br \/>\nMagistralni put prema Mostaru je poznat po svojim ljepotama dok se provla\u010di u podno\u017eju divne planine Prenj.<\/p>\n<p>Ve\u0107 od Konjica se te planine po\u010dinju zaobilaziti u pravcu Jablanice,a na\u0161 prvi savjet bi bio da se po\u010dnete zavla\u010diti ba\u0161 u podno\u017eje ovih divnih planina. Poslije Jablanice spu\u0161tamo se do jezera koje pravi Neretva i tu se uputimo prema selima kao sto su Ravna ili Bijela.<\/p>\n<p>Rijeka Bijela koja te\u010de od pravca Prenja je bajkovita. Bistra, ali hladna rijeka idealno je mjesto za osvje\u017eiti se i odmoriti nakon malo du\u017eeg putovanja. Svje\u017ea voda je samo jedna od stvari koje \u0107e vam oduzeti dah. Pored toga tu je i netaknuta, divlja priroda i ba\u0161 tako treba da ostane.<\/p>\n<p>Dok vas Prenj izaziva da poku\u0161ate osvojiti vrh, ipak je vrijeme da se krene. Ima jo\u0161 dosta toga da se obi\u0111e za jedan vikend.<br \/>\nPutovanje nastavljate prema Mostaru. Stari nije jedina lokacija \u0161to se treba vidjeti u ovom divnom gradu.<\/p>\n<p>Do slijede\u0107e destinacije van svakodnevnice se trebate uputiti prema Fortici. Fortica je jedno pobr\u0111e Vele\u017ea Planine. Fortica omogu\u0107ava divan pogled na grad Mostar i pru\u017ea mogu\u0107nost obroka \/osvje\u017eenja i nama dragog adrenalina. Nekako zbunjeni smo se samo penjali viso\u010dije i viso\u010dije. Na vrhu smo na\u0161li planinarski dom i ogromni zipline! Nismo planirali di\u0107i adrenalin tu ve\u010de, ali nas je namamila sre\u0107a koja se \u010dula kad bi ljudi skoro pa letili 600m prema drugoj stijeni pri brzini od<br \/>\n100km\/h. Nismo dugo oklijevali da donesemo tu odluku, i u roku od 10 minuta stajali smo na rubu betonske plo\u010de sa osmijehom na licu. Jedan korak i kre\u0107e\u0161! Slijede\u0107i put kad budete u Mostaru, slobodno se uputite nekoliko sempentina dalje dok ne stignete do te iste betonske plo\u010de. U\u017eivajte!<\/p>\n<p><img decoding=\"async\" class=\"alignnone wp-image-26949 size-full\" src=\"https:\/\/www.tourismbih.com\/wp-content\/uploads\/2020\/10\/Untitled-design-3.png\" alt=\"\" width=\"2240\" height=\"1260\" srcset=\"https:\/\/www.tourismbih.com\/wp-content\/uploads\/2020\/10\/Untitled-design-3.png 2240w, https:\/\/www.tourismbih.com\/wp-content\/uploads\/2020\/10\/Untitled-design-3-450x253.png 450w, https:\/\/www.tourismbih.com\/wp-content\/uploads\/2020\/10\/Untitled-design-3-600x338.png 600w, https:\/\/www.tourismbih.com\/wp-content\/uploads\/2020\/10\/Untitled-design-3-300x169.png 300w, https:\/\/www.tourismbih.com\/wp-content\/uploads\/2020\/10\/Untitled-design-3-1024x576.png 1024w, https:\/\/www.tourismbih.com\/wp-content\/uploads\/2020\/10\/Untitled-design-3-768x432.png 768w, https:\/\/www.tourismbih.com\/wp-content\/uploads\/2020\/10\/Untitled-design-3-1536x864.png 1536w, https:\/\/www.tourismbih.com\/wp-content\/uploads\/2020\/10\/Untitled-design-3-2048x1152.png 2048w\" sizes=\"(max-width: 2240px) 100vw, 2240px\" \/><\/p>\n<p>Poslije Mostara kre\u0107emo ju\u017enije opet, dublje u Hercegovinu, prema Stocu. Kad se stigne do Bune, ipak nemojte skrenuti u pravcu Stoca nego nastavite pravo 1km da do\u0111ete do jednog prirodnog fenomena \u2013 Bunskih Kanala. Na slici se vidi Neretva kako prolazi kroz prirodni kanal. \u010cinjenica da \u010ditava rijeka Neretva stane izme\u0111u dva zida udaljena 3m jednog od drugog mi je fascinantna. Njena brzina i snaga se vide i osjete kad sjedi\u0161 na presu\u0161enom dijelu Neretvanskog dna. Kao \u0161to sam<br \/>\nspomenuo ranije, treba za\u010diniti putovanje, a na ovoj lokaciji rijeka Buna dolazi da pretvori ovu lokaciju u bajku.<\/p>\n<p>Buna se ulijeva ili prelijeva sa desne strane na du\u017eini od 100m. Voda koja se stvorila iz jedne pe\u0107ine 12km uzvodno pravi malu deltu iznad Neretve i prelijeva se u nizu malih vodopada. Da nema slike, mislim da mi ljudi ne bi povjerovali, ali ovo se nalazi nekoliko metara od glavne ceste koja vodi dalje prema Neumu na primjer. Stanite, vidite i osjetite mo\u0107 ovog mjesta.<\/p>\n<p><img decoding=\"async\" class=\"alignnone wp-image-26951 size-full\" src=\"https:\/\/www.tourismbih.com\/wp-content\/uploads\/2020\/10\/Untitled-design-4.png\" alt=\"\" width=\"2240\" height=\"1260\" srcset=\"https:\/\/www.tourismbih.com\/wp-content\/uploads\/2020\/10\/Untitled-design-4.png 2240w, https:\/\/www.tourismbih.com\/wp-content\/uploads\/2020\/10\/Untitled-design-4-450x253.png 450w, https:\/\/www.tourismbih.com\/wp-content\/uploads\/2020\/10\/Untitled-design-4-600x338.png 600w, https:\/\/www.tourismbih.com\/wp-content\/uploads\/2020\/10\/Untitled-design-4-300x169.png 300w, https:\/\/www.tourismbih.com\/wp-content\/uploads\/2020\/10\/Untitled-design-4-1024x576.png 1024w, https:\/\/www.tourismbih.com\/wp-content\/uploads\/2020\/10\/Untitled-design-4-768x432.png 768w, https:\/\/www.tourismbih.com\/wp-content\/uploads\/2020\/10\/Untitled-design-4-1536x864.png 1536w, https:\/\/www.tourismbih.com\/wp-content\/uploads\/2020\/10\/Untitled-design-4-2048x1152.png 2048w\" sizes=\"(max-width: 2240px) 100vw, 2240px\" \/><\/p>\n<p>Sad je vrijeme da se uputite prema Stocu koji se nalazi 26km jugoisto\u010dno od Bune. Tu \u0107e nama biti finalna lokacija putovanja i preporu\u010dili bi da se preno\u0107i u ovom gradu prepunom historije i zanimljivosti. Ovaj grad je u\u0161ao pod za\u0161titu UNESCO-a 1980. godine kao \u2018grad muzej\u2019 \u0161to ustvari dokazuje zna\u010daj obilaska ovog dragulja. Zahvaljuju\u0107i ugodnim uslovima koji se pronalaze u ovim krajevima, Stolac ima evidenciju da je naseljen ve\u0107 od predhistorijskih vremena. U Badanj pe\u0107ini se<br \/>\nnalaze umjetni\u010dka djela koja datiraju iz 14,000 pr.n.e.!<\/p>\n<p>Poslije te realizacije, ovo mjesto u Hercegovini te tjera da shvati\u0161 gdje se ustvari nalazi\u0161 i ko je sve ovdje bio prije tebe. Presko\u010dimo nekoliko hiljada<br \/>\ngodina unaprijed i dolazimo do Daorsona. Daorson je nekad bio grad Illira na ovom podru\u010duju. Kao orijentir, nalazi se 5km od centra Stoca, blizu sela Osanji\u0107i. Ovi ostaci datiraju iz \u010dak 300 do 50 godina pr.n.e.. Tu su ostali kameni ostaci nakon hiljada godina. Kako se pribli\u017eavamo novijim strukturama, o\u010duvanost raste.<\/p>\n<p>Tvr\u0111ava na slici je naravno okusila mnoge promjene tokom svoga \u017eivota. Pretpostavlja se da je nastala u VI. stolje\u0107u od bizantskog cara Justinijana, ali javlja se u historijskim izvorima 1375. godine. Dok \u0161etate ovim zidinama mo\u017eete zamisliti trgova\u010dke rute koje vode kraj tvr\u0111ave, plja\u010dke, ljubavne pri\u010de, ratove i druge situacije koje su se ovdje odvijale prije nekoliko stotina godina. Svaki put kad se na\u0111em na ovakvim lokacijama te misli mi pro\u0111u kroz glavu i u\u017eivam<br \/>\nu njima.<\/p>\n<p><img decoding=\"async\" class=\"alignnone wp-image-26953 size-full\" src=\"https:\/\/www.tourismbih.com\/wp-content\/uploads\/2020\/10\/Untitled-design-5.png\" alt=\"\" width=\"800\" height=\"1200\" srcset=\"https:\/\/www.tourismbih.com\/wp-content\/uploads\/2020\/10\/Untitled-design-5.png 800w, https:\/\/www.tourismbih.com\/wp-content\/uploads\/2020\/10\/Untitled-design-5-450x675.png 450w, https:\/\/www.tourismbih.com\/wp-content\/uploads\/2020\/10\/Untitled-design-5-600x900.png 600w, https:\/\/www.tourismbih.com\/wp-content\/uploads\/2020\/10\/Untitled-design-5-200x300.png 200w, https:\/\/www.tourismbih.com\/wp-content\/uploads\/2020\/10\/Untitled-design-5-683x1024.png 683w, https:\/\/www.tourismbih.com\/wp-content\/uploads\/2020\/10\/Untitled-design-5-768x1152.png 768w\" sizes=\"(max-width: 800px) 100vw, 800px\" \/><\/p>\n<p>Nedaleko od tvr\u0111ave nalazi se Radimlja. Kad neko spomene Radimlju osje\u0107am se kao gostoprimivi Bosanac i Hercegovac. Poznata podignuta ruka na ste\u0107ku ima mnogih zna\u010denja, ali meni slu\u017ei kao pozdrav. Osje\u0107am se kao da sam na svojoj zemlji i da razgovaram sa na\u0161im precima. Radimlja je nastala u 14. stolje\u0107u i zbog svog bogatstva (broja, ukra\u0161enosti, umjetni\u010dke izrade radova itd.) smatra se jednom od najzna\u010dajnijih i najvrjednijih nekropola u Bosni i Hercegovini. Ja bih preporu\u010dio malo istra\u017eivanja i \u010ditanja o ovoj lokaciji prije nego \u0161to odete. To ka\u017eem da bi se mogli ispri\u010dati sa precima malo bolje. Divno mjesto za sve ljude!<\/p>\n<p><img decoding=\"async\" class=\"alignnone wp-image-26976 size-large\" src=\"https:\/\/www.tourismbih.com\/wp-content\/uploads\/2020\/10\/rsz_img_4798_1-683x1024.jpg\" alt=\"\" width=\"683\" height=\"1024\" srcset=\"https:\/\/www.tourismbih.com\/wp-content\/uploads\/2020\/10\/rsz_img_4798_1-683x1024.jpg 683w, https:\/\/www.tourismbih.com\/wp-content\/uploads\/2020\/10\/rsz_img_4798_1-scaled-450x675.jpg 450w, https:\/\/www.tourismbih.com\/wp-content\/uploads\/2020\/10\/rsz_img_4798_1-600x900.jpg 600w, https:\/\/www.tourismbih.com\/wp-content\/uploads\/2020\/10\/rsz_img_4798_1-200x300.jpg 200w, https:\/\/www.tourismbih.com\/wp-content\/uploads\/2020\/10\/rsz_img_4798_1-768x1152.jpg 768w, https:\/\/www.tourismbih.com\/wp-content\/uploads\/2020\/10\/rsz_img_4798_1-1024x1536.jpg 1024w, https:\/\/www.tourismbih.com\/wp-content\/uploads\/2020\/10\/rsz_img_4798_1-1365x2048.jpg 1365w, https:\/\/www.tourismbih.com\/wp-content\/uploads\/2020\/10\/rsz_img_4798_1-scaled.jpg 1707w\" sizes=\"(max-width: 683px) 100vw, 683px\" \/><\/p>\n<p>Kroz Stolac te\u010de rijeka Bregava, \u010dija voda pri\u010da stare Stola\u010dke pri\u010de. Na rijeci ima mno\u0161tvo mlinova, mosti\u0107a i starih ku\u0107a, pa uzmi malo vremena i hodaj<br \/>\nuzvodno uz Bregavu. Bregava kao mnoge Hercegova\u010dke rijeke je mala, ponornica ali bistra ljepotica. \u0160etnja uzvodno vas vodi do vodopada Provalije koji zna skoro pa presu\u0161iti tokom ljeta tako da nemoj da vas razo\u010dara. Ova rijeka je vjerovatno jedan veliki razlog tako bogate historije u ovijm krajevima i dan danas svojim tokom ukra\u0161ava ovaj bogati kameni krajolik.<\/p>\n<p>Ovaj hercegova\u010dki vikend \u0107e vas preporoditi. Na\u0161a historija je na mene ostavila osje\u0107aj upotpunjenosti i pripadanja a hercegova\u010dka voda bi me preporodila svaki put kad bih osjetio da sam umoran. Ove lokacije koje sam naveo su stvarno tek po\u010detak. Svaki kutak krije neko blago koje se treba istraziti i dijeliti!<\/p>\n","protected":false},"excerpt":{"rendered":"<p>Kad ljudi putuju generalno imaju samo jedan cilj: \u0161to prije sti\u0107i do destinacije. Li\u010dno mislim da ne bi trebalo biti tako. Ekipa \u2018ficacrew\u2019 je stvorila toliko divnih uspomena samo zato \u0161to nismo vozili autoputem ve\u0107 \u0161to smo se provla\u010dili kroz uske ceste, slu\u0161ali savjete ljudi i vozili se alternativnim cestama. U ovom tekstu \u0107u se &#8230; <a title=\"\u0425e\u0440\u0446e\u0433o\u0432a\u0447k\u0438 \u0432\u0438ke\u043d\u0434\" class=\"read-more\" href=\"https:\/\/www.tourismbih.com\/bs-cyrl\/hercegovacki-vikend\/\" aria-label=\"Read more about \u0425e\u0440\u0446e\u0433o\u0432a\u0447k\u0438 \u0432\u0438ke\u043d\u0434\">Read more<\/a><\/p>\n","protected":false},"author":2,"featured_media":113539,"comment_status":"open","ping_status":"open","sticky":false,"template":"","format":"standard","meta":{"_acf_changed":false,"footnotes":""},"categories":[44],"tags":[],"class_list":["post-113536","post","type-post","status-publish","format-standard","has-post-thumbnail","hentry","category-bosnia-and-hercegovina"],"acf":[],"yoast_head":"<!-- This site is optimized with the Yoast SEO plugin v27.5 - https:\/\/yoast.com\/product\/yoast-seo-wordpress\/ -->\n<title>Hercegova\u010dki vikend - Tourism Bosnia and Herzegovina: Visit BiH<\/title>\n<meta name=\"robots\" content=\"index, follow, max-snippet:-1, max-image-preview:large, max-video-preview:-1\" \/>\n<link rel=\"canonical\" href=\"https:\/\/www.tourismbih.com\/bs-cyrl\/hercegovacki-vikend\/\" \/>\n<meta property=\"og:locale\" content=\"en_US\" \/>\n<meta property=\"og:type\" content=\"article\" \/>\n<meta property=\"og:title\" content=\"Hercegova\u010dki vikend - Tourism Bosnia and Herzegovina: Visit BiH\" \/>\n<meta property=\"og:description\" content=\"Kad ljudi putuju generalno imaju samo jedan cilj: \u0161to prije sti\u0107i do destinacije. Li\u010dno mislim da ne bi trebalo biti tako. Ekipa \u2018ficacrew\u2019 je stvorila toliko divnih uspomena samo zato \u0161to nismo vozili autoputem ve\u0107 \u0161to smo se provla\u010dili kroz uske ceste, slu\u0161ali savjete ljudi i vozili se alternativnim cestama. U ovom tekstu \u0107u se ... Read more\" \/>\n<meta property=\"og:url\" content=\"https:\/\/www.tourismbih.com\/bs-cyrl\/hercegovacki-vikend\/\" \/>\n<meta property=\"og:site_name\" content=\"Tourism Bosnia and Herzegovina: Visit BiH\" \/>\n<meta property=\"article:published_time\" content=\"2025-01-19T14:20:54+00:00\" \/>\n<meta property=\"article:modified_time\" content=\"2025-01-31T13:08:51+00:00\" \/>\n<meta property=\"og:image\" content=\"https:\/\/www.tourismbih.com\/wp-content\/uploads\/2020\/10\/Untitled-design-3-1024x576.png\" \/>\n\t<meta property=\"og:image:width\" content=\"1024\" \/>\n\t<meta property=\"og:image:height\" content=\"576\" \/>\n\t<meta property=\"og:image:type\" content=\"image\/png\" \/>\n<meta name=\"author\" content=\"bogdan\" \/>\n<meta name=\"twitter:card\" content=\"summary_large_image\" \/>\n<meta name=\"twitter:creator\" content=\"@bogdan\" \/>\n<meta name=\"twitter:label1\" content=\"Written by\" \/>\n\t<meta name=\"twitter:data1\" content=\"bogdan\" \/>\n\t<meta name=\"twitter:label2\" content=\"Est. reading time\" \/>\n\t<meta name=\"twitter:data2\" content=\"6 minutes\" \/>\n<script type=\"application\/ld+json\" class=\"yoast-schema-graph\">{\"@context\":\"https:\\\/\\\/schema.org\",\"@graph\":[{\"@type\":\"Article\",\"@id\":\"https:\\\/\\\/www.tourismbih.com\\\/bs-cyrl\\\/hercegovacki-vikend\\\/#article\",\"isPartOf\":{\"@id\":\"https:\\\/\\\/www.tourismbih.com\\\/bs-cyrl\\\/hercegovacki-vikend\\\/\"},\"author\":{\"name\":\"bogdan\",\"@id\":\"https:\\\/\\\/www.tourismbih.com\\\/bs-cyrl\\\/#\\\/schema\\\/person\\\/5e283bb071ec83b66f232094e16a7985\"},\"headline\":\"\u0425e\u0440\u0446e\u0433o\u0432a\u0447k\u0438 \u0432\u0438ke\u043d\u0434\",\"datePublished\":\"2025-01-19T14:20:54+00:00\",\"dateModified\":\"2025-01-31T13:08:51+00:00\",\"mainEntityOfPage\":{\"@id\":\"https:\\\/\\\/www.tourismbih.com\\\/bs-cyrl\\\/hercegovacki-vikend\\\/\"},\"wordCount\":1127,\"commentCount\":0,\"publisher\":{\"@id\":\"https:\\\/\\\/www.tourismbih.com\\\/bs-cyrl\\\/#organization\"},\"image\":{\"@id\":\"https:\\\/\\\/www.tourismbih.com\\\/bs-cyrl\\\/hercegovacki-vikend\\\/#primaryimage\"},\"thumbnailUrl\":\"https:\\\/\\\/www.tourismbih.com\\\/wp-content\\\/uploads\\\/2020\\\/10\\\/Untitled-design-3.png\",\"articleSection\":[\"BOSNIA AND HERCEGOVINA\"],\"inLanguage\":\"bs-Cyrl-BA\",\"potentialAction\":[{\"@type\":\"CommentAction\",\"name\":\"Comment\",\"target\":[\"https:\\\/\\\/www.tourismbih.com\\\/bs-cyrl\\\/hercegovacki-vikend\\\/#respond\"]}]},{\"@type\":\"WebPage\",\"@id\":\"https:\\\/\\\/www.tourismbih.com\\\/bs-cyrl\\\/hercegovacki-vikend\\\/\",\"url\":\"https:\\\/\\\/www.tourismbih.com\\\/bs-cyrl\\\/hercegovacki-vikend\\\/\",\"name\":\"Hercegova\u010dki vikend - Tourism Bosnia and Herzegovina: Visit BiH\",\"isPartOf\":{\"@id\":\"https:\\\/\\\/www.tourismbih.com\\\/bs-cyrl\\\/#website\"},\"primaryImageOfPage\":{\"@id\":\"https:\\\/\\\/www.tourismbih.com\\\/bs-cyrl\\\/hercegovacki-vikend\\\/#primaryimage\"},\"image\":{\"@id\":\"https:\\\/\\\/www.tourismbih.com\\\/bs-cyrl\\\/hercegovacki-vikend\\\/#primaryimage\"},\"thumbnailUrl\":\"https:\\\/\\\/www.tourismbih.com\\\/wp-content\\\/uploads\\\/2020\\\/10\\\/Untitled-design-3.png\",\"datePublished\":\"2025-01-19T14:20:54+00:00\",\"dateModified\":\"2025-01-31T13:08:51+00:00\",\"breadcrumb\":{\"@id\":\"https:\\\/\\\/www.tourismbih.com\\\/bs-cyrl\\\/hercegovacki-vikend\\\/#breadcrumb\"},\"inLanguage\":\"bs-Cyrl-BA\",\"potentialAction\":[{\"@type\":\"ReadAction\",\"target\":[\"https:\\\/\\\/www.tourismbih.com\\\/bs-cyrl\\\/hercegovacki-vikend\\\/\"]}]},{\"@type\":\"ImageObject\",\"inLanguage\":\"bs-Cyrl-BA\",\"@id\":\"https:\\\/\\\/www.tourismbih.com\\\/bs-cyrl\\\/hercegovacki-vikend\\\/#primaryimage\",\"url\":\"https:\\\/\\\/www.tourismbih.com\\\/wp-content\\\/uploads\\\/2020\\\/10\\\/Untitled-design-3.png\",\"contentUrl\":\"https:\\\/\\\/www.tourismbih.com\\\/wp-content\\\/uploads\\\/2020\\\/10\\\/Untitled-design-3.png\",\"width\":2240,\"height\":1260},{\"@type\":\"BreadcrumbList\",\"@id\":\"https:\\\/\\\/www.tourismbih.com\\\/bs-cyrl\\\/hercegovacki-vikend\\\/#breadcrumb\",\"itemListElement\":[{\"@type\":\"ListItem\",\"position\":1,\"name\":\"Home\",\"item\":\"https:\\\/\\\/www.tourismbih.com\\\/bs-cyrl\\\/\"},{\"@type\":\"ListItem\",\"position\":2,\"name\":\"Hercegova\u010dki vikend\"}]},{\"@type\":\"WebSite\",\"@id\":\"https:\\\/\\\/www.tourismbih.com\\\/bs-cyrl\\\/#website\",\"url\":\"https:\\\/\\\/www.tourismbih.com\\\/bs-cyrl\\\/\",\"name\":\"Tourism Bosnia and Herzegovina: Visit BiH\",\"description\":\"The heart shaped land at your fingertips\",\"publisher\":{\"@id\":\"https:\\\/\\\/www.tourismbih.com\\\/bs-cyrl\\\/#organization\"},\"potentialAction\":[{\"@type\":\"SearchAction\",\"target\":{\"@type\":\"EntryPoint\",\"urlTemplate\":\"https:\\\/\\\/www.tourismbih.com\\\/bs-cyrl\\\/?s={search_term_string}\"},\"query-input\":{\"@type\":\"PropertyValueSpecification\",\"valueRequired\":true,\"valueName\":\"search_term_string\"}}],\"inLanguage\":\"bs-Cyrl-BA\"},{\"@type\":\"Organization\",\"@id\":\"https:\\\/\\\/www.tourismbih.com\\\/bs-cyrl\\\/#organization\",\"name\":\"Tourism Bosnia and Herzegovina: Visit BiH\",\"url\":\"https:\\\/\\\/www.tourismbih.com\\\/bs-cyrl\\\/\",\"logo\":{\"@type\":\"ImageObject\",\"inLanguage\":\"bs-Cyrl-BA\",\"@id\":\"https:\\\/\\\/www.tourismbih.com\\\/bs-cyrl\\\/#\\\/schema\\\/logo\\\/image\\\/\",\"url\":\"https:\\\/\\\/www.tourismbih.com\\\/wp-content\\\/uploads\\\/2025\\\/02\\\/new-logo-white-resized.svg\",\"contentUrl\":\"https:\\\/\\\/www.tourismbih.com\\\/wp-content\\\/uploads\\\/2025\\\/02\\\/new-logo-white-resized.svg\",\"caption\":\"Tourism Bosnia and Herzegovina: Visit BiH\"},\"image\":{\"@id\":\"https:\\\/\\\/www.tourismbih.com\\\/bs-cyrl\\\/#\\\/schema\\\/logo\\\/image\\\/\"}},{\"@type\":\"Person\",\"@id\":\"https:\\\/\\\/www.tourismbih.com\\\/bs-cyrl\\\/#\\\/schema\\\/person\\\/5e283bb071ec83b66f232094e16a7985\",\"name\":\"bogdan\",\"image\":{\"@type\":\"ImageObject\",\"inLanguage\":\"bs-Cyrl-BA\",\"@id\":\"https:\\\/\\\/secure.gravatar.com\\\/avatar\\\/ee0461b547ea818593310c2ff96a6f4da026546c4185d3b879e965ff11769d73?s=96&d=mm&r=g\",\"url\":\"https:\\\/\\\/secure.gravatar.com\\\/avatar\\\/ee0461b547ea818593310c2ff96a6f4da026546c4185d3b879e965ff11769d73?s=96&d=mm&r=g\",\"contentUrl\":\"https:\\\/\\\/secure.gravatar.com\\\/avatar\\\/ee0461b547ea818593310c2ff96a6f4da026546c4185d3b879e965ff11769d73?s=96&d=mm&r=g\",\"caption\":\"bogdan\"},\"sameAs\":[\"https:\\\/\\\/x.com\\\/bogdan\"],\"url\":\"https:\\\/\\\/www.tourismbih.com\\\/bs-cyrl\\\/author\\\/bogdan\\\/\"}]}<\/script>\n<!-- \/ Yoast SEO plugin. -->","yoast_head_json":{"title":"Hercegova\u010dki vikend - Tourism Bosnia and Herzegovina: Visit BiH","robots":{"index":"index","follow":"follow","max-snippet":"max-snippet:-1","max-image-preview":"max-image-preview:large","max-video-preview":"max-video-preview:-1"},"canonical":"https:\/\/www.tourismbih.com\/bs-cyrl\/hercegovacki-vikend\/","og_locale":"en_US","og_type":"article","og_title":"Hercegova\u010dki vikend - Tourism Bosnia and Herzegovina: Visit BiH","og_description":"Kad ljudi putuju generalno imaju samo jedan cilj: \u0161to prije sti\u0107i do destinacije. Li\u010dno mislim da ne bi trebalo biti tako. Ekipa \u2018ficacrew\u2019 je stvorila toliko divnih uspomena samo zato \u0161to nismo vozili autoputem ve\u0107 \u0161to smo se provla\u010dili kroz uske ceste, slu\u0161ali savjete ljudi i vozili se alternativnim cestama. U ovom tekstu \u0107u se ... Read more","og_url":"https:\/\/www.tourismbih.com\/bs-cyrl\/hercegovacki-vikend\/","og_site_name":"Tourism Bosnia and Herzegovina: Visit BiH","article_published_time":"2025-01-19T14:20:54+00:00","article_modified_time":"2025-01-31T13:08:51+00:00","og_image":[{"width":1024,"height":576,"url":"https:\/\/www.tourismbih.com\/wp-content\/uploads\/2020\/10\/Untitled-design-3-1024x576.png","type":"image\/png"}],"author":"bogdan","twitter_card":"summary_large_image","twitter_creator":"@bogdan","twitter_misc":{"Written by":"bogdan","Est. reading time":"6 minutes"},"schema":{"@context":"https:\/\/schema.org","@graph":[{"@type":"Article","@id":"https:\/\/www.tourismbih.com\/bs-cyrl\/hercegovacki-vikend\/#article","isPartOf":{"@id":"https:\/\/www.tourismbih.com\/bs-cyrl\/hercegovacki-vikend\/"},"author":{"name":"bogdan","@id":"https:\/\/www.tourismbih.com\/bs-cyrl\/#\/schema\/person\/5e283bb071ec83b66f232094e16a7985"},"headline":"\u0425e\u0440\u0446e\u0433o\u0432a\u0447k\u0438 \u0432\u0438ke\u043d\u0434","datePublished":"2025-01-19T14:20:54+00:00","dateModified":"2025-01-31T13:08:51+00:00","mainEntityOfPage":{"@id":"https:\/\/www.tourismbih.com\/bs-cyrl\/hercegovacki-vikend\/"},"wordCount":1127,"commentCount":0,"publisher":{"@id":"https:\/\/www.tourismbih.com\/bs-cyrl\/#organization"},"image":{"@id":"https:\/\/www.tourismbih.com\/bs-cyrl\/hercegovacki-vikend\/#primaryimage"},"thumbnailUrl":"https:\/\/www.tourismbih.com\/wp-content\/uploads\/2020\/10\/Untitled-design-3.png","articleSection":["BOSNIA AND HERCEGOVINA"],"inLanguage":"bs-Cyrl-BA","potentialAction":[{"@type":"CommentAction","name":"Comment","target":["https:\/\/www.tourismbih.com\/bs-cyrl\/hercegovacki-vikend\/#respond"]}]},{"@type":"WebPage","@id":"https:\/\/www.tourismbih.com\/bs-cyrl\/hercegovacki-vikend\/","url":"https:\/\/www.tourismbih.com\/bs-cyrl\/hercegovacki-vikend\/","name":"Hercegova\u010dki vikend - Tourism Bosnia and Herzegovina: Visit BiH","isPartOf":{"@id":"https:\/\/www.tourismbih.com\/bs-cyrl\/#website"},"primaryImageOfPage":{"@id":"https:\/\/www.tourismbih.com\/bs-cyrl\/hercegovacki-vikend\/#primaryimage"},"image":{"@id":"https:\/\/www.tourismbih.com\/bs-cyrl\/hercegovacki-vikend\/#primaryimage"},"thumbnailUrl":"https:\/\/www.tourismbih.com\/wp-content\/uploads\/2020\/10\/Untitled-design-3.png","datePublished":"2025-01-19T14:20:54+00:00","dateModified":"2025-01-31T13:08:51+00:00","breadcrumb":{"@id":"https:\/\/www.tourismbih.com\/bs-cyrl\/hercegovacki-vikend\/#breadcrumb"},"inLanguage":"bs-Cyrl-BA","potentialAction":[{"@type":"ReadAction","target":["https:\/\/www.tourismbih.com\/bs-cyrl\/hercegovacki-vikend\/"]}]},{"@type":"ImageObject","inLanguage":"bs-Cyrl-BA","@id":"https:\/\/www.tourismbih.com\/bs-cyrl\/hercegovacki-vikend\/#primaryimage","url":"https:\/\/www.tourismbih.com\/wp-content\/uploads\/2020\/10\/Untitled-design-3.png","contentUrl":"https:\/\/www.tourismbih.com\/wp-content\/uploads\/2020\/10\/Untitled-design-3.png","width":2240,"height":1260},{"@type":"BreadcrumbList","@id":"https:\/\/www.tourismbih.com\/bs-cyrl\/hercegovacki-vikend\/#breadcrumb","itemListElement":[{"@type":"ListItem","position":1,"name":"Home","item":"https:\/\/www.tourismbih.com\/bs-cyrl\/"},{"@type":"ListItem","position":2,"name":"Hercegova\u010dki vikend"}]},{"@type":"WebSite","@id":"https:\/\/www.tourismbih.com\/bs-cyrl\/#website","url":"https:\/\/www.tourismbih.com\/bs-cyrl\/","name":"Tourism Bosnia and Herzegovina: Visit BiH","description":"The heart shaped land at your fingertips","publisher":{"@id":"https:\/\/www.tourismbih.com\/bs-cyrl\/#organization"},"potentialAction":[{"@type":"SearchAction","target":{"@type":"EntryPoint","urlTemplate":"https:\/\/www.tourismbih.com\/bs-cyrl\/?s={search_term_string}"},"query-input":{"@type":"PropertyValueSpecification","valueRequired":true,"valueName":"search_term_string"}}],"inLanguage":"bs-Cyrl-BA"},{"@type":"Organization","@id":"https:\/\/www.tourismbih.com\/bs-cyrl\/#organization","name":"Tourism Bosnia and Herzegovina: Visit BiH","url":"https:\/\/www.tourismbih.com\/bs-cyrl\/","logo":{"@type":"ImageObject","inLanguage":"bs-Cyrl-BA","@id":"https:\/\/www.tourismbih.com\/bs-cyrl\/#\/schema\/logo\/image\/","url":"https:\/\/www.tourismbih.com\/wp-content\/uploads\/2025\/02\/new-logo-white-resized.svg","contentUrl":"https:\/\/www.tourismbih.com\/wp-content\/uploads\/2025\/02\/new-logo-white-resized.svg","caption":"Tourism Bosnia and Herzegovina: Visit BiH"},"image":{"@id":"https:\/\/www.tourismbih.com\/bs-cyrl\/#\/schema\/logo\/image\/"}},{"@type":"Person","@id":"https:\/\/www.tourismbih.com\/bs-cyrl\/#\/schema\/person\/5e283bb071ec83b66f232094e16a7985","name":"bogdan","image":{"@type":"ImageObject","inLanguage":"bs-Cyrl-BA","@id":"https:\/\/secure.gravatar.com\/avatar\/ee0461b547ea818593310c2ff96a6f4da026546c4185d3b879e965ff11769d73?s=96&d=mm&r=g","url":"https:\/\/secure.gravatar.com\/avatar\/ee0461b547ea818593310c2ff96a6f4da026546c4185d3b879e965ff11769d73?s=96&d=mm&r=g","contentUrl":"https:\/\/secure.gravatar.com\/avatar\/ee0461b547ea818593310c2ff96a6f4da026546c4185d3b879e965ff11769d73?s=96&d=mm&r=g","caption":"bogdan"},"sameAs":["https:\/\/x.com\/bogdan"],"url":"https:\/\/www.tourismbih.com\/bs-cyrl\/author\/bogdan\/"}]}},"images":"https:\/\/www.tourismbih.com\/wp-content\/uploads\/2020\/10\/Untitled-design-3-1024x576.png","_links":{"self":[{"href":"https:\/\/www.tourismbih.com\/bs-cyrl\/wp-json\/wp\/v2\/posts\/113536","targetHints":{"allow":["GET"]}}],"collection":[{"href":"https:\/\/www.tourismbih.com\/bs-cyrl\/wp-json\/wp\/v2\/posts"}],"about":[{"href":"https:\/\/www.tourismbih.com\/bs-cyrl\/wp-json\/wp\/v2\/types\/post"}],"author":[{"embeddable":true,"href":"https:\/\/www.tourismbih.com\/bs-cyrl\/wp-json\/wp\/v2\/users\/2"}],"replies":[{"embeddable":true,"href":"https:\/\/www.tourismbih.com\/bs-cyrl\/wp-json\/wp\/v2\/comments?post=113536"}],"version-history":[{"count":1,"href":"https:\/\/www.tourismbih.com\/bs-cyrl\/wp-json\/wp\/v2\/posts\/113536\/revisions"}],"predecessor-version":[{"id":121883,"href":"https:\/\/www.tourismbih.com\/bs-cyrl\/wp-json\/wp\/v2\/posts\/113536\/revisions\/121883"}],"wp:featuredmedia":[{"embeddable":true,"href":"https:\/\/www.tourismbih.com\/bs-cyrl\/wp-json\/wp\/v2\/media\/113539"}],"wp:attachment":[{"href":"https:\/\/www.tourismbih.com\/bs-cyrl\/wp-json\/wp\/v2\/media?parent=113536"}],"wp:term":[{"taxonomy":"category","embeddable":true,"href":"https:\/\/www.tourismbih.com\/bs-cyrl\/wp-json\/wp\/v2\/categories?post=113536"},{"taxonomy":"post_tag","embeddable":true,"href":"https:\/\/www.tourismbih.com\/bs-cyrl\/wp-json\/wp\/v2\/tags?post=113536"}],"curies":[{"name":"wp","href":"https:\/\/api.w.org\/{rel}","templated":true}]}}